{"id":27249,"date":"2025-05-14T09:39:36","date_gmt":"2025-05-14T09:39:36","guid":{"rendered":"https:\/\/netbakis.net\/?p=27249"},"modified":"2025-05-14T09:39:36","modified_gmt":"2025-05-14T09:39:36","slug":"19-mayis-ataturku-anma-genclik-ve-spor-bayrami-torenler-ve-etkinliklerle-kutlaniyor","status":"publish","type":"post","link":"https:\/\/netbakis.net\/tr\/27249\/","title":{"rendered":"19 May\u0131s Atat\u00fcrk\u2019\u00fc Anma, Gen\u00e7lik ve Spor Bayram\u0131 t\u00f6renler ve etkinliklerle kutlan\u0131yor"},"content":{"rendered":"<p>19 May\u0131s Atat\u00fcrk\u2019\u00fc Anma, Gen\u00e7lik ve Spor Bayram\u0131, \u00fclke genelinde d\u00fczenlenen t\u00f6ren ve etkinliklerle kutlan\u0131yor; kortej y\u00fcr\u00fcy\u00fc\u015flerinden spor turnuvalar\u0131na, \u015fiir dinletilerinden resmi ziyaretlere kadar bir\u00e7ok etkinlik hafta boyunca s\u00fcrecek.<br><br>Ulu \u00d6nder Mustafa Kemal Atat\u00fcrk\u2019\u00fcn Samsun\u2019a \u00e7\u0131karak ba\u015flatt\u0131\u011f\u0131 kurtulu\u015f m\u00fccadelesinin 106. y\u0131l\u0131 ile 19 May\u0131s Atat\u00fcrk\u2019\u00fc Anma, Gen\u00e7lik ve Spor Bayram\u0131, \u00fclke genelinde d\u00fczenlenen etkinlik ve t\u00f6renlerle kutlan\u0131yor.<\/p>\n\n\n\n<p>Milli E\u011fitim Bakanl\u0131\u011f\u0131 taraf\u0131ndan d\u00fczenlenen \u201c19 May\u0131s Atat\u00fcrk\u2019\u00fc Anma, Gen\u00e7lik ve Spor Bayram\u0131 Haftas\u0131\u201d d\u00fcn Gen\u00e7lik Me\u015falesi\u2019nin yak\u0131lmas\u0131yla ba\u015flad\u0131. Hafta boyunca \u00f6\u011frencilerin kat\u0131l\u0131m\u0131yla kortej y\u00fcr\u00fcy\u00fc\u015f\u00fc, dans g\u00f6sterileri ile sportif, k\u00fclt\u00fcrel, sosyal ve \u00e7evresel etkinlikler yap\u0131lacak.<\/p>\n\n\n\n<p><strong>\u201c\u015eAMP\u0130YON MELEKLER PLAJ VOLEYBOL TURNUVASI\u201d VE \u201cGELENEKSEL B\u0130RKAN UZUN YOLUNDA GELECE\u011eE TIRMANIYORUZ DO\u011eA Y\u00dcR\u00dcY\u00dc\u015e\u00dc\u201d<\/strong><\/p>\n\n\n\n<p>19 May\u0131s Atat\u00fcrk\u2019\u00fc Anma, Gen\u00e7lik ve Spor Bayram\u0131 kutlamalar\u0131 \u00e7er\u00e7evesinde \u00f6\u011frenciler, bug\u00fcn, \u015eampiyon Melekler Plaj Voleybol Turnuvas\u0131 etkinli\u011fine kat\u0131lacak. Turnuva, G\u00f6nyeli Y\u00fckseli\u015f Hentbol \u0130htisas Kul\u00fcb\u00fc\u2019nde saat 10.00\u2019da ba\u015flayacak.<\/p>\n\n\n\n<p>Ayn\u0131 saatlerde \u201cGeleneksel Birkan Uzun Yolunda Gelece\u011fe T\u0131rman\u0131yoruz Do\u011fa Y\u00fcr\u00fcy\u00fc\u015f\u00fc\u201d yap\u0131lacak. Lefko\u015fa, Girne ve G\u00fczelyurt b\u00f6lge okullar\u0131ndan gelecek \u00f6\u011frenci ve \u00f6\u011fretmenler, Birkan Uzun Selvili Tepesi b\u00f6lgesine y\u00fcr\u00fcy\u00fc\u015f ve t\u0131rman\u0131\u015f ger\u00e7ekle\u015ftirecek.<\/p>\n\n\n\n<p>Etkinlikler \u00e7er\u00e7evesinde \u00f6\u011frenciler, yar\u0131n saat 10.00\u2019da ba\u015flayacak ve iki g\u00fcn s\u00fcrecek 3&#215;3 Basketbol Turnuvas\u0131\u2019na kat\u0131lacak. Etkinlik, Merkez Lefko\u015fa\u2019da (A\u00e7\u0131k Pazar) yer alacak.<\/p>\n\n\n\n<p><strong>TOLGA KINACI PLAJ HENTBOL TURNUVASI CUMA G\u00dcN\u00dc<\/strong><\/p>\n\n\n\n<p>Ortaokul ve lise \u00f6\u011frencilerinin kat\u0131laca\u011f\u0131 ve Tolga K\u0131nac\u0131 an\u0131s\u0131na d\u00fczenlenecek Hentbol Turnuvas\u0131 ise cuma g\u00fcn\u00fc d\u00fczenlenecek. Saat 10.00\u2019da ba\u015flayacak turnuva, G\u00f6nyeli Y\u00fckseli\u015f Hentbol \u0130htisas Kul\u00fcb\u00fc\u2019nde yer alacak.<\/p>\n\n\n\n<p><strong>\u00d6\u011eRENC\u0130LER\u0130N DEVLET PROTOKOL\u00dcN\u00dc Z\u0130YARETLER\u0130 DEVAM EDECEK<\/strong><\/p>\n\n\n\n<p>Etkinlikler kapsam\u0131nda \u00e7e\u015fitli okullardan olu\u015fan \u00f6\u011frenci heyetleri protokol ziyaretlerine devam edecek.<\/p>\n\n\n\n<p>Yar\u0131n B\u00fclent Ecevit Anadolu Lisesi \u00f6\u011frencileri 09.30\u2019da Cumhurba\u015fkan\u0131&nbsp;<a href=\"https:\/\/www.kibrispostasi.com\/keyword\/29\" target=\"_blank\" rel=\"noreferrer noopener\"><\/a><a href=\"https:\/\/www.kibrispostasi.com\/keyword\/29\" target=\"_blank\" rel=\"noreferrer noopener\"><\/a><a href=\"https:\/\/www.kibrispostasi.com\/keyword\/29\" target=\"_blank\" rel=\"noreferrer noopener\"><\/a><a href=\"https:\/\/www.kibrispostasi.com\/keyword\/29\" target=\"_blank\" rel=\"noreferrer noopener\">Ersin Tatar<\/a>\u2019\u0131, Lefko\u015fa T\u00fcrk Lisesi \u00f6\u011frencileri 10.00\u2019da Polis Genel M\u00fcd\u00fcr\u00fc Kas\u0131m Kuni\u2019yi, Esin Leman Lisesi \u00f6\u011frencileri 11.00\u2019de Ba\u015fbakan&nbsp;<a href=\"https:\/\/www.kibrispostasi.com\/keyword\/34\" target=\"_blank\" rel=\"noreferrer noopener\"><\/a><a href=\"https:\/\/www.kibrispostasi.com\/keyword\/34\" target=\"_blank\" rel=\"noreferrer noopener\"><\/a><a href=\"https:\/\/www.kibrispostasi.com\/keyword\/34\" target=\"_blank\" rel=\"noreferrer noopener\">\u00dcnal \u00dcstel<\/a>\u2019i, Anafartalar Lisesi \u00f6\u011frencileri 11.00\u2019de G\u00fcvenlik Kuvvetleri Komutan\u0131 T\u00fcmgeneral \u0130lker G\u00f6rg\u00fcl\u00fc\u2019y\u00fc, Atat\u00fcrk Meslek Lisesi \u00f6\u011frencileri ise 11.00\u2019de Sivil Savunma Te\u015fkilat Ba\u015fkan\u0131 Atilla Karaca\u2019y\u0131 ziyaret edecek.<\/p>\n\n\n\n<p>Cuma g\u00fcn\u00fc ise 19 May\u0131s T\u00fcrk Maarif Koleji \u00f6\u011frencileri 10.00\u2019da K\u0131br\u0131s T\u00fcrk Bar\u0131\u015f Kuvvetleri Komutan\u0131 T\u00fcmgeneral Sebahattin K\u0131l\u0131n\u00e7\u2019\u0131, Haydarpa\u015fa Ticaret Lisesi \u00f6\u011frencileri 10.30\u2019da Milli E\u011fitim Bakan\u0131&nbsp;<a href=\"https:\/\/www.kibrispostasi.com\/keyword\/46\" target=\"_blank\" rel=\"noreferrer noopener\"><\/a><a href=\"https:\/\/www.kibrispostasi.com\/keyword\/46\" target=\"_blank\" rel=\"noreferrer noopener\">Naz\u0131m \u00c7avu\u015fo\u011flu<\/a>\u2019nu, 20 Temmuz Fen Lisesi \u00f6\u011frencileri ise 11.00\u2019de T\u00fcrkiye Cumhuriyeti Lefko\u015fa B\u00fcy\u00fckel\u00e7isi&nbsp;<a href=\"https:\/\/www.kibrispostasi.com\/keyword\/32\" target=\"_blank\" rel=\"noreferrer noopener\"><\/a><a href=\"https:\/\/www.kibrispostasi.com\/keyword\/32\" target=\"_blank\" rel=\"noreferrer noopener\"><\/a><a href=\"https:\/\/www.kibrispostasi.com\/keyword\/32\" target=\"_blank\" rel=\"noreferrer noopener\">Ali Murat Ba\u015f\u00e7eri<\/a>\u2019yi ziyaret edecek.<\/p>\n\n\n\n<p>Kaymakaml\u0131klardan verilen bilgiye g\u00f6re, Atat\u00fcrk\u2019\u00fc Anma, Gen\u00e7lik ve Spor Bayram\u0131 kapsam\u0131nda il\u00e7elerde de \u00e7e\u015fitli anma programlar\u0131 ve etkinlikler yap\u0131lacak.<\/p>\n\n\n\n<p>19 May\u0131s Atat\u00fcrk\u2019\u00fc Anma, Gen\u00e7lik ve Spor Bayram\u0131\u2019n\u0131n resmi kutlamalar\u0131, Milli E\u011fitim Bakan\u0131&nbsp;<a href=\"https:\/\/www.kibrispostasi.com\/keyword\/46\" target=\"_blank\" rel=\"noreferrer noopener\"><\/a><a href=\"https:\/\/www.kibrispostasi.com\/keyword\/46\" target=\"_blank\" rel=\"noreferrer noopener\">Naz\u0131m \u00c7avu\u015fo\u011flu<\/a>\u2019nun pazartesi saat 08.00\u2019de BRT\u2019de yapaca\u011f\u0131 konu\u015fmayla ba\u015flayacak.<\/p>\n\n\n\n<p>Lefko\u015fa\u2019da d\u00fczenlenecek devlet t\u00f6reni saat 09.00\u2019da Atat\u00fcrk An\u0131t\u0131 \u00f6n\u00fcnde yer alacak. T\u00f6rende, An\u0131tkabir\u2019den getirilen toprak T\u00fcrkiye Cumhuriyeti Lefko\u015fa B\u00fcy\u00fckel\u00e7isi&nbsp;<a href=\"https:\/\/www.kibrispostasi.com\/keyword\/32\" target=\"_blank\" rel=\"noreferrer noopener\"><\/a><a href=\"https:\/\/www.kibrispostasi.com\/keyword\/32\" target=\"_blank\" rel=\"noreferrer noopener\"><\/a><a href=\"https:\/\/www.kibrispostasi.com\/keyword\/32\" target=\"_blank\" rel=\"noreferrer noopener\">Ali Murat Ba\u015f\u00e7eri<\/a>&nbsp;taraf\u0131ndan Cumhurba\u015fkan\u0131&nbsp;<a href=\"https:\/\/www.kibrispostasi.com\/keyword\/29\" target=\"_blank\" rel=\"noreferrer noopener\"><\/a><a href=\"https:\/\/www.kibrispostasi.com\/keyword\/29\" target=\"_blank\" rel=\"noreferrer noopener\"><\/a><a href=\"https:\/\/www.kibrispostasi.com\/keyword\/29\" target=\"_blank\" rel=\"noreferrer noopener\"><\/a><a href=\"https:\/\/www.kibrispostasi.com\/keyword\/29\" target=\"_blank\" rel=\"noreferrer noopener\">Ersin Tatar<\/a>\u2019a takdim edilecek, an\u0131ta \u00e7elenkler sunulacak, sayg\u0131 duru\u015fu ve \u0130stiklal Mar\u015f\u0131 e\u015fli\u011finde bayraklar g\u00f6ndere \u00e7ekilecek.<\/p>\n\n\n\n<p>Pazartesi saat 18.00\u2019de Lefko\u015fa merkez okullar\u0131 ve \u00fcniversitelerden \u00f6\u011frenci ve \u00f6\u011fretmenler, Spor Dairesi\u2019ne ba\u011fl\u0131 federasyonlar, kul\u00fcpler ve dernekler, sivil toplum \u00f6rg\u00fctleriyle halk\u0131n kat\u0131l\u0131m\u0131yla \u201c106. Y\u0131l Korteji\u201d yap\u0131lacak.<\/p>\n\n\n\n<p>Gazima\u011fusa\u2019daki t\u00f6ren Zafer An\u0131t\u0131 \u00f6n\u00fcnde ger\u00e7ekle\u015ftirilecek. Saat 09.30\u2019da ba\u015flayacak t\u00f6rende, protokol s\u0131ras\u0131na g\u00f6re \u00e7elenkler an\u0131ta sunulacak. Ard\u0131ndan, sayg\u0131 duru\u015fu ve \u0130stiklal Mar\u015f\u0131\u2019n\u0131n okunmas\u0131yla bayraklar g\u00f6ndere \u00e7ekilecek.<\/p>\n\n\n\n<p>T\u00f6rende, g\u00fcn\u00fcn anlam ve \u00f6nemini belirten konu\u015fma yap\u0131lacak; \u00f6\u011frenciler taraf\u0131ndan \u015fiirler ve mar\u015flar okunacak. T\u00f6ren \u00f6ncesinde, \u00f6\u011frencilerin kat\u0131l\u0131m\u0131yla \u201cAtam I\u015f\u0131\u011f\u0131nla Gelece\u011fe Y\u00fcr\u00fcyoruz\u201d slogan\u0131yla Zafer An\u0131t\u0131\u2019na y\u00fcr\u00fcy\u00fc\u015f d\u00fczenlenecek.<\/p>\n\n\n\n<p>Gazima\u011fusa\u2019da ayr\u0131ca \u00f6\u011frencilerin kat\u0131l\u0131m\u0131yla \u201cAtam I\u015f\u0131\u011f\u0131nla Gelece\u011fe S\u00fcr\u00fcyoruz\u201d bisiklet turu ger\u00e7ekle\u015ftirilecek. Etkinlik, 15 May\u0131s Per\u015fembe g\u00fcn\u00fc saat 09.30\u2019da Kapal\u0131 Mara\u015f\u2019ta ger\u00e7ekle\u015ftirilecek.<\/p>\n\n\n\n<p><strong>G\u0130RNE\u2019DEK\u0130 T\u00d6RENLER<\/strong><\/p>\n\n\n\n<p>Girne\u2019de Atat\u00fcrk B\u00fcst\u00fc\u2019nde d\u00fczenlenecek t\u00f6ren saat 08.30\u2019da ba\u015flayacak. T\u00f6rende, protokol s\u0131ras\u0131na g\u00f6re \u00e7elenkler sunulacak. Sayg\u0131 duru\u015fu ve \u0130stiklal Mar\u015f\u0131\u2019n\u0131n ard\u0131ndan bayraklar g\u00f6ndere \u00e7ekilecek. \u015eiir okunmas\u0131 ve g\u00fcn\u00fcn anlam ve \u00f6nemine ili\u015fkin konu\u015fman\u0131n yap\u0131lmas\u0131yla t\u00f6ren sona erecek.<\/p>\n\n\n\n<p>Saat 18.00\u2019de ise Ramadan Cemil Meydan\u0131\u2019ndan Atat\u00fcrk B\u00fcst\u00fc\u2019ne do\u011fru kortej d\u00fczenlenecek.<\/p>\n\n\n\n<p>G\u00fczelyurt\u2019taki t\u00f6ren ise Atat\u00fcrk An\u0131t\u0131 \u00f6n\u00fcnde ger\u00e7ekle\u015ftirilecek. Saat 09.00\u2019da ba\u015flayacak t\u00f6rende, protokol s\u0131ras\u0131na g\u00f6re \u00e7elenkler an\u0131ta sunulacak. Sayg\u0131 duru\u015fu ve \u0130stiklal Mar\u015f\u0131\u2019n\u0131n ard\u0131ndan bayraklar g\u00f6ndere \u00e7ekilecek.<\/p>\n\n\n\n<p>T\u00f6rende, Kurtulu\u015f Lisesi \u00f6\u011frencileri taraf\u0131ndan \u015fiir okunacak. G\u00fcn\u00fcn anlam ve \u00f6nemine ili\u015fkin konu\u015fmay\u0131 ise Kurtulu\u015f Lisesi Tarih \u00d6\u011fretmeni Aysun Candan \u00d6zada yapacak.<\/p>\n\n\n\n<p>\u0130skele\u2019deki t\u00f6ren, 09.30\u2019da Ecevit Meydan\u0131\u2019nda bulunan Atat\u00fcrk An\u0131t\u0131 \u00f6n\u00fcnde ger\u00e7ekle\u015ftirilecek.<\/p>\n\n\n\n<p>T\u00f6ren program\u0131 kapsam\u0131nda, b\u00f6lge okullar\u0131n\u0131n bayrak ve flama ekipleri Bekirpa\u015fa Lisesi \u00f6n\u00fcnde toplanacak ve bando e\u015fli\u011finde t\u00f6ren alan\u0131na y\u00fcr\u00fcyecek.<\/p>\n\n\n\n<p>T\u00f6ren, protokol s\u0131ras\u0131na g\u00f6re \u00e7elenklerin an\u0131ta sunulmas\u0131yla ba\u015flayacak; ard\u0131ndan sayg\u0131 duru\u015funda bulunulacak ve \u0130stiklal Mar\u015f\u0131 e\u015fli\u011finde bayraklar g\u00f6ndere \u00e7ekilecek.<\/p>\n\n\n\n<p>T\u00f6rende, Bekirpa\u015fa Lisesi ve \u0130skele Ticaret Lisesi \u00f6\u011frencileri taraf\u0131ndan Atat\u00fcrk\u2019\u00fcn Gen\u00e7li\u011fe Hitabesi, Gen\u00e7li\u011fin Ata\u2019ya Cevab\u0131 ve \u015fiirler okunacak; g\u00fcn\u00fcn anlam ve \u00f6nemine ili\u015fkin konu\u015fmay\u0131 ise \u0130skele&nbsp;<a href=\"https:\/\/www.kibrispostasi.com\/keyword\/115\" target=\"_blank\" rel=\"noreferrer noopener\"><\/a><a href=\"https:\/\/www.kibrispostasi.com\/keyword\/115\" target=\"_blank\" rel=\"noreferrer noopener\"><\/a><a href=\"https:\/\/www.kibrispostasi.com\/keyword\/115\" target=\"_blank\" rel=\"noreferrer noopener\"><\/a><a href=\"https:\/\/www.kibrispostasi.com\/keyword\/115\" target=\"_blank\" rel=\"noreferrer noopener\">Evkaf<\/a>&nbsp;T\u00fcrk Maarif Koleji Tarih \u00d6\u011fretmeni Emren Bitirim yapacak.<\/p>\n\n\n\n<p><strong>LEFKE\u2019DEK\u0130 T\u00d6REN 08.45\u2019TE<\/strong><\/p>\n\n\n\n<p>Lefke\u2019de Atat\u00fcrk An\u0131t\u0131 \u00f6n\u00fcnde yap\u0131lacak t\u00f6rende, protokol s\u0131ras\u0131na g\u00f6re \u00e7elenkler an\u0131ta sunulacak. Sayg\u0131 duru\u015fu ve \u0130stiklal Mar\u015f\u0131\u2019n\u0131n okunmas\u0131n\u0131n ard\u0131ndan bayraklar g\u00f6ndere \u00e7ekilecek.<\/p>\n\n\n\n<p>Cengiz Topel End\u00fcstri Meslek Lisesi \u00f6\u011frencileri \u015fiirler okuyacak; g\u00fcn\u00fcn anlam ve \u00f6nemine ili\u015fkin konu\u015fma ise okulun Tarih \u00d6\u011fretmeni Emine Direkt\u00f6r taraf\u0131ndan Kaymakaml\u0131k ad\u0131na yap\u0131lacak.<\/p>\n\n\n\n<p><strong>AKDO\u011eAN<\/strong><\/p>\n\n\n\n<p>Akdo\u011fan Atat\u00fcrk An\u0131t\u0131 \u00f6n\u00fcnde ger\u00e7ekle\u015ftirilecek t\u00f6ren, saat 09.00\u2019da protokol s\u0131ras\u0131na g\u00f6re \u00e7elenklerin sunulmas\u0131yla ba\u015flayacak. Ard\u0131ndan sayg\u0131 duru\u015funda bulunulacak ve \u0130stiklal Mar\u015f\u0131 e\u015fli\u011finde bayraklar g\u00f6ndere \u00e7ekilecek.<\/p>\n\n\n\n<p>T\u00f6rende, Polatpa\u015fa Lisesi Tarih \u00d6\u011fretmeni Salih \u015eah g\u00fcn\u00fcn anlam ve \u00f6nemini belirten bir konu\u015fma yapacak. Konu\u015fman\u0131n ard\u0131ndan \u00f6\u011frenciler taraf\u0131ndan Atat\u00fcrk\u2019\u00fcn \u201cGen\u00e7li\u011fe Hitabesi\u201d ve \u201cGen\u00e7li\u011fin Ata\u2019ya Cevab\u0131\u201d okunacak. Program, oratoryo sunumu ile \u201c19 May\u0131s ve Mustafa Kemal Atat\u00fcrk\u201d ile \u201cAtat\u00fcrk Kurtulu\u015f Sava\u015f\u0131\u201d adl\u0131 \u015fiirlerin seslendirilmesiyle devam edecek. T\u00f6ren, Polatpa\u015fa Lisesi \u00f6\u011frencilerinin halk danslar\u0131 g\u00f6sterisiyle sona erecek.<\/p>\n\n\n\n<p><\/p>","protected":false},"excerpt":{"rendered":"<p>19 May\u0131s Atat\u00fcrk\u2019\u00fc Anma, Gen\u00e7lik ve Spor Bayram\u0131, \u00fclke genelinde d\u00fczenlenen t\u00f6ren ve etkinliklerle kutlan\u0131yor; kortej y\u00fcr\u00fcy\u00fc\u015flerinden spor turnuvalar\u0131na, \u015fiir dinletilerinden resmi ziyaretlere kadar bir\u00e7ok etkinlik hafta boyunca s\u00fcrecek. Ulu \u00d6nder Mustafa Kemal Atat\u00fcrk\u2019\u00fcn Samsun\u2019a \u00e7\u0131karak ba\u015flatt\u0131\u011f\u0131 kurtulu\u015f m\u00fccadelesinin 106. y\u0131l\u0131 ile 19 May\u0131s Atat\u00fcrk\u2019\u00fc Anma, Gen\u00e7lik ve Spor Bayram\u0131, \u00fclke genelinde d\u00fczenlenen etkinlik ve [&hellip;]<\/p>","protected":false},"author":1,"featured_media":27250,"comment_status":"open","ping_status":"open","sticky":false,"template":"","format":"standard","meta":{"om_disable_all_campaigns":false,"_monsterinsights_skip_tracking":false,"_monsterinsights_sitenote_active":false,"_monsterinsights_sitenote_note":"","_monsterinsights_sitenote_category":0,"_uf_show_specific_survey":0,"_uf_disable_surveys":false,"footnotes":"","jetpack_publicize_message":"","jetpack_publicize_feature_enabled":true,"jetpack_social_post_already_shared":false,"jetpack_social_options":{"image_generator_settings":{"template":"highway","default_image_id":0,"font":"","enabled":false},"version":2}},"categories":[81],"tags":[],"class_list":{"0":"post-27249","1":"post","2":"type-post","3":"status-publish","4":"format-standard","5":"has-post-thumbnail","7":"category-gundem"},"yoast_head":"<!-- This site is optimized with the Yoast SEO plugin v23.8 - https:\/\/yoast.com\/wordpress\/plugins\/seo\/ -->\n<title>19 May\u0131s Atat\u00fcrk\u2019\u00fc Anma, Gen\u00e7lik ve Spor Bayram\u0131 t\u00f6renler ve etkinliklerle kutlan\u0131yor - NETBAKIS<\/title>\n<meta name=\"robots\" content=\"index, follow, max-snippet:-1, max-image-preview:large, max-video-preview:-1\" \/>\n<link rel=\"canonical\" href=\"https:\/\/netbakis.net\/tr\/27249\/\" \/>\n<meta property=\"og:locale\" content=\"tr_TR\" \/>\n<meta property=\"og:type\" content=\"article\" \/>\n<meta property=\"og:title\" content=\"19 May\u0131s Atat\u00fcrk\u2019\u00fc Anma, Gen\u00e7lik ve Spor Bayram\u0131 t\u00f6renler ve etkinliklerle kutlan\u0131yor - NETBAKIS\" \/>\n<meta property=\"og:description\" content=\"19 May\u0131s Atat\u00fcrk\u2019\u00fc Anma, Gen\u00e7lik ve Spor Bayram\u0131, \u00fclke genelinde d\u00fczenlenen t\u00f6ren ve etkinliklerle kutlan\u0131yor; kortej y\u00fcr\u00fcy\u00fc\u015flerinden spor turnuvalar\u0131na, \u015fiir dinletilerinden resmi ziyaretlere kadar bir\u00e7ok etkinlik hafta boyunca s\u00fcrecek. Ulu \u00d6nder Mustafa Kemal Atat\u00fcrk\u2019\u00fcn Samsun\u2019a \u00e7\u0131karak ba\u015flatt\u0131\u011f\u0131 kurtulu\u015f m\u00fccadelesinin 106. y\u0131l\u0131 ile 19 May\u0131s Atat\u00fcrk\u2019\u00fc Anma, Gen\u00e7lik ve Spor Bayram\u0131, \u00fclke genelinde d\u00fczenlenen etkinlik ve [&hellip;]\" \/>\n<meta property=\"og:url\" content=\"https:\/\/netbakis.net\/tr\/27249\/\" \/>\n<meta property=\"og:site_name\" content=\"NETBAKIS\" \/>\n<meta property=\"article:published_time\" content=\"2025-05-14T09:39:36+00:00\" \/>\n<meta property=\"og:image\" content=\"https:\/\/netbakis.net\/wp-content\/uploads\/2025\/05\/v2yeniproje51_1747207404.webp\" \/>\n\t<meta property=\"og:image:width\" content=\"971\" \/>\n\t<meta property=\"og:image:height\" content=\"551\" \/>\n\t<meta property=\"og:image:type\" content=\"image\/webp\" \/>\n<meta name=\"author\" content=\"netbakis.net\" \/>\n<meta name=\"twitter:card\" content=\"summary_large_image\" \/>\n<meta name=\"twitter:label1\" content=\"Yazan:\" \/>\n\t<meta name=\"twitter:data1\" content=\"netbakis.net\" \/>\n\t<meta name=\"twitter:label2\" content=\"Tahmini okuma s\u00fcresi\" \/>\n\t<meta name=\"twitter:data2\" content=\"4 dakika\" \/>\n<script type=\"application\/ld+json\" class=\"yoast-schema-graph\">{\"@context\":\"https:\/\/schema.org\",\"@graph\":[{\"@type\":\"WebPage\",\"@id\":\"https:\/\/netbakis.net\/27249\/\",\"url\":\"https:\/\/netbakis.net\/27249\/\",\"name\":\"19 May\u0131s Atat\u00fcrk\u2019\u00fc Anma, Gen\u00e7lik ve Spor Bayram\u0131 t\u00f6renler ve etkinliklerle kutlan\u0131yor - NETBAKIS\",\"isPartOf\":{\"@id\":\"https:\/\/netbakis.net\/#website\"},\"primaryImageOfPage\":{\"@id\":\"https:\/\/netbakis.net\/27249\/#primaryimage\"},\"image\":{\"@id\":\"https:\/\/netbakis.net\/27249\/#primaryimage\"},\"thumbnailUrl\":\"https:\/\/netbakis.net\/wp-content\/uploads\/2025\/05\/v2yeniproje51_1747207404.webp\",\"datePublished\":\"2025-05-14T09:39:36+00:00\",\"dateModified\":\"2025-05-14T09:39:36+00:00\",\"author\":{\"@id\":\"https:\/\/netbakis.net\/#\/schema\/person\/5d9b5c3f48ca4a3c69967d619fc8c7f4\"},\"breadcrumb\":{\"@id\":\"https:\/\/netbakis.net\/27249\/#breadcrumb\"},\"inLanguage\":\"tr\",\"potentialAction\":[{\"@type\":\"ReadAction\",\"target\":[\"https:\/\/netbakis.net\/27249\/\"]}]},{\"@type\":\"ImageObject\",\"inLanguage\":\"tr\",\"@id\":\"https:\/\/netbakis.net\/27249\/#primaryimage\",\"url\":\"https:\/\/netbakis.net\/wp-content\/uploads\/2025\/05\/v2yeniproje51_1747207404.webp\",\"contentUrl\":\"https:\/\/netbakis.net\/wp-content\/uploads\/2025\/05\/v2yeniproje51_1747207404.webp\",\"width\":971,\"height\":551},{\"@type\":\"BreadcrumbList\",\"@id\":\"https:\/\/netbakis.net\/27249\/#breadcrumb\",\"itemListElement\":[{\"@type\":\"ListItem\",\"position\":1,\"name\":\"Home\",\"item\":\"https:\/\/netbakis.net\/\"},{\"@type\":\"ListItem\",\"position\":2,\"name\":\"19 May\u0131s Atat\u00fcrk\u2019\u00fc Anma, Gen\u00e7lik ve Spor Bayram\u0131 t\u00f6renler ve etkinliklerle kutlan\u0131yor\"}]},{\"@type\":\"WebSite\",\"@id\":\"https:\/\/netbakis.net\/#website\",\"url\":\"https:\/\/netbakis.net\/\",\"name\":\"NETBAKIS\",\"description\":\"SON DAKIKA\",\"potentialAction\":[{\"@type\":\"SearchAction\",\"target\":{\"@type\":\"EntryPoint\",\"urlTemplate\":\"https:\/\/netbakis.net\/?s={search_term_string}\"},\"query-input\":{\"@type\":\"PropertyValueSpecification\",\"valueRequired\":true,\"valueName\":\"search_term_string\"}}],\"inLanguage\":\"tr\"},{\"@type\":\"Person\",\"@id\":\"https:\/\/netbakis.net\/#\/schema\/person\/5d9b5c3f48ca4a3c69967d619fc8c7f4\",\"name\":\"netbakis.net\",\"image\":{\"@type\":\"ImageObject\",\"inLanguage\":\"tr\",\"@id\":\"https:\/\/netbakis.net\/#\/schema\/person\/image\/\",\"url\":\"https:\/\/secure.gravatar.com\/avatar\/4ddeae49d2d3e3568a8d5b0937642efdf0b72468dbe3f213bc1978faa47af0d1?s=96&d=wp_user_avatar&r=g\",\"contentUrl\":\"https:\/\/secure.gravatar.com\/avatar\/4ddeae49d2d3e3568a8d5b0937642efdf0b72468dbe3f213bc1978faa47af0d1?s=96&d=wp_user_avatar&r=g\",\"caption\":\"netbakis.net\"},\"sameAs\":[\"https:\/\/netbakis.net\"],\"url\":\"https:\/\/netbakis.net\/tr\/author\/netbakis-net\/\"}]}<\/script>\n<!-- \/ Yoast SEO plugin. -->","yoast_head_json":{"title":"19 May\u0131s Atat\u00fcrk\u2019\u00fc Anma, Gen\u00e7lik ve Spor Bayram\u0131 t\u00f6renler ve etkinliklerle kutlan\u0131yor - NETBAKIS","robots":{"index":"index","follow":"follow","max-snippet":"max-snippet:-1","max-image-preview":"max-image-preview:large","max-video-preview":"max-video-preview:-1"},"canonical":"https:\/\/netbakis.net\/tr\/27249\/","og_locale":"tr_TR","og_type":"article","og_title":"19 May\u0131s Atat\u00fcrk\u2019\u00fc Anma, Gen\u00e7lik ve Spor Bayram\u0131 t\u00f6renler ve etkinliklerle kutlan\u0131yor - NETBAKIS","og_description":"19 May\u0131s Atat\u00fcrk\u2019\u00fc Anma, Gen\u00e7lik ve Spor Bayram\u0131, \u00fclke genelinde d\u00fczenlenen t\u00f6ren ve etkinliklerle kutlan\u0131yor; kortej y\u00fcr\u00fcy\u00fc\u015flerinden spor turnuvalar\u0131na, \u015fiir dinletilerinden resmi ziyaretlere kadar bir\u00e7ok etkinlik hafta boyunca s\u00fcrecek. Ulu \u00d6nder Mustafa Kemal Atat\u00fcrk\u2019\u00fcn Samsun\u2019a \u00e7\u0131karak ba\u015flatt\u0131\u011f\u0131 kurtulu\u015f m\u00fccadelesinin 106. y\u0131l\u0131 ile 19 May\u0131s Atat\u00fcrk\u2019\u00fc Anma, Gen\u00e7lik ve Spor Bayram\u0131, \u00fclke genelinde d\u00fczenlenen etkinlik ve [&hellip;]","og_url":"https:\/\/netbakis.net\/tr\/27249\/","og_site_name":"NETBAKIS","article_published_time":"2025-05-14T09:39:36+00:00","og_image":[{"width":971,"height":551,"url":"https:\/\/netbakis.net\/wp-content\/uploads\/2025\/05\/v2yeniproje51_1747207404.webp","type":"image\/webp"}],"author":"netbakis.net","twitter_card":"summary_large_image","twitter_misc":{"Yazan:":"netbakis.net","Tahmini okuma s\u00fcresi":"4 dakika"},"schema":{"@context":"https:\/\/schema.org","@graph":[{"@type":"WebPage","@id":"https:\/\/netbakis.net\/27249\/","url":"https:\/\/netbakis.net\/27249\/","name":"19 May\u0131s Atat\u00fcrk\u2019\u00fc Anma, Gen\u00e7lik ve Spor Bayram\u0131 t\u00f6renler ve etkinliklerle kutlan\u0131yor - NETBAKIS","isPartOf":{"@id":"https:\/\/netbakis.net\/#website"},"primaryImageOfPage":{"@id":"https:\/\/netbakis.net\/27249\/#primaryimage"},"image":{"@id":"https:\/\/netbakis.net\/27249\/#primaryimage"},"thumbnailUrl":"https:\/\/netbakis.net\/wp-content\/uploads\/2025\/05\/v2yeniproje51_1747207404.webp","datePublished":"2025-05-14T09:39:36+00:00","dateModified":"2025-05-14T09:39:36+00:00","author":{"@id":"https:\/\/netbakis.net\/#\/schema\/person\/5d9b5c3f48ca4a3c69967d619fc8c7f4"},"breadcrumb":{"@id":"https:\/\/netbakis.net\/27249\/#breadcrumb"},"inLanguage":"tr","potentialAction":[{"@type":"ReadAction","target":["https:\/\/netbakis.net\/27249\/"]}]},{"@type":"ImageObject","inLanguage":"tr","@id":"https:\/\/netbakis.net\/27249\/#primaryimage","url":"https:\/\/netbakis.net\/wp-content\/uploads\/2025\/05\/v2yeniproje51_1747207404.webp","contentUrl":"https:\/\/netbakis.net\/wp-content\/uploads\/2025\/05\/v2yeniproje51_1747207404.webp","width":971,"height":551},{"@type":"BreadcrumbList","@id":"https:\/\/netbakis.net\/27249\/#breadcrumb","itemListElement":[{"@type":"ListItem","position":1,"name":"Home","item":"https:\/\/netbakis.net\/"},{"@type":"ListItem","position":2,"name":"19 May\u0131s Atat\u00fcrk\u2019\u00fc Anma, Gen\u00e7lik ve Spor Bayram\u0131 t\u00f6renler ve etkinliklerle kutlan\u0131yor"}]},{"@type":"WebSite","@id":"https:\/\/netbakis.net\/#website","url":"https:\/\/netbakis.net\/","name":"NETBAKIS","description":"SON DAKIKA","potentialAction":[{"@type":"SearchAction","target":{"@type":"EntryPoint","urlTemplate":"https:\/\/netbakis.net\/?s={search_term_string}"},"query-input":{"@type":"PropertyValueSpecification","valueRequired":true,"valueName":"search_term_string"}}],"inLanguage":"tr"},{"@type":"Person","@id":"https:\/\/netbakis.net\/#\/schema\/person\/5d9b5c3f48ca4a3c69967d619fc8c7f4","name":"netbakis.net","image":{"@type":"ImageObject","inLanguage":"tr","@id":"https:\/\/netbakis.net\/#\/schema\/person\/image\/","url":"https:\/\/secure.gravatar.com\/avatar\/4ddeae49d2d3e3568a8d5b0937642efdf0b72468dbe3f213bc1978faa47af0d1?s=96&d=wp_user_avatar&r=g","contentUrl":"https:\/\/secure.gravatar.com\/avatar\/4ddeae49d2d3e3568a8d5b0937642efdf0b72468dbe3f213bc1978faa47af0d1?s=96&d=wp_user_avatar&r=g","caption":"netbakis.net"},"sameAs":["https:\/\/netbakis.net"],"url":"https:\/\/netbakis.net\/tr\/author\/netbakis-net\/"}]}},"jetpack_publicize_connections":[],"_links":{"self":[{"href":"https:\/\/netbakis.net\/tr\/wp-json\/wp\/v2\/posts\/27249","targetHints":{"allow":["GET"]}}],"collection":[{"href":"https:\/\/netbakis.net\/tr\/wp-json\/wp\/v2\/posts"}],"about":[{"href":"https:\/\/netbakis.net\/tr\/wp-json\/wp\/v2\/types\/post"}],"author":[{"embeddable":true,"href":"https:\/\/netbakis.net\/tr\/wp-json\/wp\/v2\/users\/1"}],"replies":[{"embeddable":true,"href":"https:\/\/netbakis.net\/tr\/wp-json\/wp\/v2\/comments?post=27249"}],"version-history":[{"count":1,"href":"https:\/\/netbakis.net\/tr\/wp-json\/wp\/v2\/posts\/27249\/revisions"}],"predecessor-version":[{"id":27251,"href":"https:\/\/netbakis.net\/tr\/wp-json\/wp\/v2\/posts\/27249\/revisions\/27251"}],"wp:featuredmedia":[{"embeddable":true,"href":"https:\/\/netbakis.net\/tr\/wp-json\/wp\/v2\/media\/27250"}],"wp:attachment":[{"href":"https:\/\/netbakis.net\/tr\/wp-json\/wp\/v2\/media?parent=27249"}],"wp:term":[{"taxonomy":"category","embeddable":true,"href":"https:\/\/netbakis.net\/tr\/wp-json\/wp\/v2\/categories?post=27249"},{"taxonomy":"post_tag","embeddable":true,"href":"https:\/\/netbakis.net\/tr\/wp-json\/wp\/v2\/tags?post=27249"}],"curies":[{"name":"wp","href":"https:\/\/api.w.org\/{rel}","templated":true}]}}