{"id":24390,"date":"2025-03-06T11:49:53","date_gmt":"2025-03-06T11:49:53","guid":{"rendered":"https:\/\/netbakis.net\/?p=24390"},"modified":"2025-03-06T11:49:53","modified_gmt":"2025-03-06T11:49:53","slug":"deniz-limanlarindaki-grev-suruyor","status":"publish","type":"post","link":"https:\/\/netbakis.net\/tr\/24390\/","title":{"rendered":"Deniz limanlar\u0131ndaki grev s\u00fcr\u00fcyor"},"content":{"rendered":"<h2 class=\"wp-block-heading\">K\u0131br\u0131s T\u00fcrk Liman ve Ta\u015f\u0131t \u0130\u015f\u00e7ileri Sendikas\u0131\u2019n\u0131n (Liman-Sen), maa\u015f ve di\u011fer \u00f6deneklerin bir aydan fazlad\u0131r \u00f6denmedi\u011fi ve toplu i\u015f s\u00f6zle\u015fmesine uyulmad\u0131\u011f\u0131 gerek\u00e7esiyle Gazima\u011fusa ve Girne limanlar\u0131ndaki s\u00fcresiz grevi s\u00fcr\u00fcyor.<\/h2>\n\n\n\n<p>TAK muhabirinin sorular\u0131n\u0131 yan\u0131tlayan Liman-Sen Ba\u015fkan\u0131 Ajdan Bilgi\u00e7, grevdeki liman i\u015f\u00e7ilerinin d\u00fcn ak\u015famdan itibaren Gazima\u011fusa Liman\u0131\u2019na sokulmad\u0131\u011f\u0131n\u0131, limandaki elle\u00e7leme hizmetlerinin gemi acentelerinin \u00e7al\u0131\u015fanlar\u0131 veya d\u0131\u015far\u0131dan &nbsp;temin edilen ki\u015filerle &#8220;yasa d\u0131\u015f\u0131&#8221; olarak yap\u0131ld\u0131\u011f\u0131n\u0131 ifade etti.<\/p>\n\n\n\n<p>Bilgi\u00e7, \u015firket yasas\u0131na&nbsp; g\u00f6re elle\u00e7leme hizmetlerinin liman i\u015f\u00e7ileri taraf\u0131ndan yap\u0131lmas\u0131 gerekti\u011fini, yasa, i\u015f sa\u011fl\u0131\u011f\u0131 ve g\u00fcvenli\u011fi g\u00f6z ard\u0131 edilerek sigortas\u0131z ve&nbsp; profesyonel olmayan ki\u015filerin \u00e7al\u0131\u015ft\u0131r\u0131ld\u0131\u011f\u0131n\u0131 savundu, \u00c7al\u0131\u015fma ve Sosyal G\u00fcvenlik Bakanl\u0131\u011f\u0131 ile \u00c7al\u0131\u015fma Dairesi\u2019ni g\u00f6reve \u00e7a\u011f\u0131rd\u0131.<\/p>\n\n\n\n<p>\u201cBiz i\u015f yava\u015flatmayal\u0131m, engellemeyelim diye bariyerler koyarak i\u00e7eri girmemizi engelliyorlar. Polisle y\u00fcz g\u00f6z olduk.\u201d diyen Bilgi\u00e7,&nbsp; bir aydan fazla s\u00fcredir b\u00fcy\u00fck bir \u00f6zveriyle \u00e7al\u0131\u015ft\u0131klar\u0131n\u0131 ama\u00e7lar\u0131n\u0131n zarar vermek olmad\u0131\u011f\u0131n\u0131, seslerini duyurmaya \u00e7al\u0131\u015ft\u0131klar\u0131n\u0131, maa\u015f ve di\u011fer \u00f6deneklerini alamayan liman i\u015f\u00e7ilerinin maddi s\u0131k\u0131nt\u0131 i\u00e7erisinde oldu\u011funu s\u00f6yledi.<\/p>\n\n\n\n<p>K\u0131br\u0131s T\u00fcrk Liman \u0130\u015f\u00e7ileri \u015eirketi\u2019nin tasfiye edilmesinin&nbsp; ard\u0131ndan yetki karma\u015fas\u0131 ya\u015fand\u0131\u011f\u0131n\u0131 s\u00f6yleyen Bilgi\u00e7, \u201cGazima\u011fusa Liman\u0131 darphane gibi; bize \u2018para yok\u2019 diyerek, d\u0131\u015f kap\u0131n\u0131n d\u0131\u015f mandal\u0131 gibi davran\u0131yorlar. \u00c7al\u0131\u015fma ve Sosyal G\u00fcvenlik Bakan\u0131 ile Bay\u0131nd\u0131rl\u0131k ve Ula\u015ft\u0131rma Bakan\u0131 170 ki\u015finin ma\u011fdur oldu\u011funu, toplu i\u015f s\u00f6zle\u015fmesini dikkate als\u0131n. Greve devam ediyoruz. Uzla\u015f\u0131 i\u00e7in masaya \u00e7a\u011fr\u0131lmay\u0131 beliyoruz.\u201d dedi.<\/p>","protected":false},"excerpt":{"rendered":"<p>K\u0131br\u0131s T\u00fcrk Liman ve Ta\u015f\u0131t \u0130\u015f\u00e7ileri Sendikas\u0131\u2019n\u0131n (Liman-Sen), maa\u015f ve di\u011fer \u00f6deneklerin bir aydan fazlad\u0131r \u00f6denmedi\u011fi ve toplu i\u015f s\u00f6zle\u015fmesine uyulmad\u0131\u011f\u0131 gerek\u00e7esiyle Gazima\u011fusa ve Girne limanlar\u0131ndaki s\u00fcresiz grevi s\u00fcr\u00fcyor. TAK muhabirinin sorular\u0131n\u0131 yan\u0131tlayan Liman-Sen Ba\u015fkan\u0131 Ajdan Bilgi\u00e7, grevdeki liman i\u015f\u00e7ilerinin d\u00fcn ak\u015famdan itibaren Gazima\u011fusa Liman\u0131\u2019na sokulmad\u0131\u011f\u0131n\u0131, limandaki elle\u00e7leme hizmetlerinin gemi acentelerinin \u00e7al\u0131\u015fanlar\u0131 veya d\u0131\u015far\u0131dan &nbsp;temin [&hellip;]<\/p>","protected":false},"author":1,"featured_media":24391,"comment_status":"open","ping_status":"open","sticky":false,"template":"","format":"standard","meta":{"om_disable_all_campaigns":false,"_monsterinsights_skip_tracking":false,"_monsterinsights_sitenote_active":false,"_monsterinsights_sitenote_note":"","_monsterinsights_sitenote_category":0,"_uf_show_specific_survey":0,"_uf_disable_surveys":false,"footnotes":"","jetpack_publicize_message":"","jetpack_publicize_feature_enabled":true,"jetpack_social_post_already_shared":false,"jetpack_social_options":{"image_generator_settings":{"template":"highway","default_image_id":0,"font":"","enabled":false},"version":2}},"categories":[81],"tags":[],"class_list":{"0":"post-24390","1":"post","2":"type-post","3":"status-publish","4":"format-standard","5":"has-post-thumbnail","7":"category-gundem"},"yoast_head":"<!-- This site is optimized with the Yoast SEO plugin v23.8 - https:\/\/yoast.com\/wordpress\/plugins\/seo\/ -->\n<title>Deniz limanlar\u0131ndaki grev s\u00fcr\u00fcyor - NETBAKIS<\/title>\n<meta name=\"robots\" content=\"index, follow, max-snippet:-1, max-image-preview:large, max-video-preview:-1\" \/>\n<link rel=\"canonical\" href=\"https:\/\/netbakis.net\/tr\/24390\/\" \/>\n<meta property=\"og:locale\" content=\"tr_TR\" \/>\n<meta property=\"og:type\" content=\"article\" \/>\n<meta property=\"og:title\" content=\"Deniz limanlar\u0131ndaki grev s\u00fcr\u00fcyor - NETBAKIS\" \/>\n<meta property=\"og:description\" content=\"K\u0131br\u0131s T\u00fcrk Liman ve Ta\u015f\u0131t \u0130\u015f\u00e7ileri Sendikas\u0131\u2019n\u0131n (Liman-Sen), maa\u015f ve di\u011fer \u00f6deneklerin bir aydan fazlad\u0131r \u00f6denmedi\u011fi ve toplu i\u015f s\u00f6zle\u015fmesine uyulmad\u0131\u011f\u0131 gerek\u00e7esiyle Gazima\u011fusa ve Girne limanlar\u0131ndaki s\u00fcresiz grevi s\u00fcr\u00fcyor. TAK muhabirinin sorular\u0131n\u0131 yan\u0131tlayan Liman-Sen Ba\u015fkan\u0131 Ajdan Bilgi\u00e7, grevdeki liman i\u015f\u00e7ilerinin d\u00fcn ak\u015famdan itibaren Gazima\u011fusa Liman\u0131\u2019na sokulmad\u0131\u011f\u0131n\u0131, limandaki elle\u00e7leme hizmetlerinin gemi acentelerinin \u00e7al\u0131\u015fanlar\u0131 veya d\u0131\u015far\u0131dan &nbsp;temin [&hellip;]\" \/>\n<meta property=\"og:url\" content=\"https:\/\/netbakis.net\/tr\/24390\/\" \/>\n<meta property=\"og:site_name\" content=\"NETBAKIS\" \/>\n<meta property=\"article:published_time\" content=\"2025-03-06T11:49:53+00:00\" \/>\n<meta property=\"og:image\" content=\"https:\/\/netbakis.net\/wp-content\/uploads\/2025\/03\/Famagusta_01-2017_img28_sea_port.jpg\" \/>\n\t<meta property=\"og:image:width\" content=\"1200\" \/>\n\t<meta property=\"og:image:height\" content=\"675\" \/>\n\t<meta property=\"og:image:type\" content=\"image\/jpeg\" \/>\n<meta name=\"author\" content=\"netbakis.net\" \/>\n<meta name=\"twitter:card\" content=\"summary_large_image\" \/>\n<meta name=\"twitter:label1\" content=\"Yazan:\" \/>\n\t<meta name=\"twitter:data1\" content=\"netbakis.net\" \/>\n\t<meta name=\"twitter:label2\" content=\"Tahmini okuma s\u00fcresi\" \/>\n\t<meta name=\"twitter:data2\" content=\"1 dakika\" \/>\n<script type=\"application\/ld+json\" class=\"yoast-schema-graph\">{\"@context\":\"https:\/\/schema.org\",\"@graph\":[{\"@type\":\"WebPage\",\"@id\":\"https:\/\/netbakis.net\/24390\/\",\"url\":\"https:\/\/netbakis.net\/24390\/\",\"name\":\"Deniz limanlar\u0131ndaki grev s\u00fcr\u00fcyor - NETBAKIS\",\"isPartOf\":{\"@id\":\"https:\/\/netbakis.net\/#website\"},\"primaryImageOfPage\":{\"@id\":\"https:\/\/netbakis.net\/24390\/#primaryimage\"},\"image\":{\"@id\":\"https:\/\/netbakis.net\/24390\/#primaryimage\"},\"thumbnailUrl\":\"https:\/\/netbakis.net\/wp-content\/uploads\/2025\/03\/Famagusta_01-2017_img28_sea_port.jpg\",\"datePublished\":\"2025-03-06T11:49:53+00:00\",\"dateModified\":\"2025-03-06T11:49:53+00:00\",\"author\":{\"@id\":\"https:\/\/netbakis.net\/#\/schema\/person\/5d9b5c3f48ca4a3c69967d619fc8c7f4\"},\"breadcrumb\":{\"@id\":\"https:\/\/netbakis.net\/24390\/#breadcrumb\"},\"inLanguage\":\"tr\",\"potentialAction\":[{\"@type\":\"ReadAction\",\"target\":[\"https:\/\/netbakis.net\/24390\/\"]}]},{\"@type\":\"ImageObject\",\"inLanguage\":\"tr\",\"@id\":\"https:\/\/netbakis.net\/24390\/#primaryimage\",\"url\":\"https:\/\/netbakis.net\/wp-content\/uploads\/2025\/03\/Famagusta_01-2017_img28_sea_port.jpg\",\"contentUrl\":\"https:\/\/netbakis.net\/wp-content\/uploads\/2025\/03\/Famagusta_01-2017_img28_sea_port.jpg\",\"width\":1200,\"height\":675},{\"@type\":\"BreadcrumbList\",\"@id\":\"https:\/\/netbakis.net\/24390\/#breadcrumb\",\"itemListElement\":[{\"@type\":\"ListItem\",\"position\":1,\"name\":\"Home\",\"item\":\"https:\/\/netbakis.net\/\"},{\"@type\":\"ListItem\",\"position\":2,\"name\":\"Deniz limanlar\u0131ndaki grev s\u00fcr\u00fcyor\"}]},{\"@type\":\"WebSite\",\"@id\":\"https:\/\/netbakis.net\/#website\",\"url\":\"https:\/\/netbakis.net\/\",\"name\":\"NETBAKIS\",\"description\":\"SON DAKIKA\",\"potentialAction\":[{\"@type\":\"SearchAction\",\"target\":{\"@type\":\"EntryPoint\",\"urlTemplate\":\"https:\/\/netbakis.net\/?s={search_term_string}\"},\"query-input\":{\"@type\":\"PropertyValueSpecification\",\"valueRequired\":true,\"valueName\":\"search_term_string\"}}],\"inLanguage\":\"tr\"},{\"@type\":\"Person\",\"@id\":\"https:\/\/netbakis.net\/#\/schema\/person\/5d9b5c3f48ca4a3c69967d619fc8c7f4\",\"name\":\"netbakis.net\",\"image\":{\"@type\":\"ImageObject\",\"inLanguage\":\"tr\",\"@id\":\"https:\/\/netbakis.net\/#\/schema\/person\/image\/\",\"url\":\"https:\/\/secure.gravatar.com\/avatar\/4ddeae49d2d3e3568a8d5b0937642efdf0b72468dbe3f213bc1978faa47af0d1?s=96&d=wp_user_avatar&r=g\",\"contentUrl\":\"https:\/\/secure.gravatar.com\/avatar\/4ddeae49d2d3e3568a8d5b0937642efdf0b72468dbe3f213bc1978faa47af0d1?s=96&d=wp_user_avatar&r=g\",\"caption\":\"netbakis.net\"},\"sameAs\":[\"https:\/\/netbakis.net\"],\"url\":\"https:\/\/netbakis.net\/tr\/author\/netbakis-net\/\"}]}<\/script>\n<!-- \/ Yoast SEO plugin. -->","yoast_head_json":{"title":"Deniz limanlar\u0131ndaki grev s\u00fcr\u00fcyor - NETBAKIS","robots":{"index":"index","follow":"follow","max-snippet":"max-snippet:-1","max-image-preview":"max-image-preview:large","max-video-preview":"max-video-preview:-1"},"canonical":"https:\/\/netbakis.net\/tr\/24390\/","og_locale":"tr_TR","og_type":"article","og_title":"Deniz limanlar\u0131ndaki grev s\u00fcr\u00fcyor - NETBAKIS","og_description":"K\u0131br\u0131s T\u00fcrk Liman ve Ta\u015f\u0131t \u0130\u015f\u00e7ileri Sendikas\u0131\u2019n\u0131n (Liman-Sen), maa\u015f ve di\u011fer \u00f6deneklerin bir aydan fazlad\u0131r \u00f6denmedi\u011fi ve toplu i\u015f s\u00f6zle\u015fmesine uyulmad\u0131\u011f\u0131 gerek\u00e7esiyle Gazima\u011fusa ve Girne limanlar\u0131ndaki s\u00fcresiz grevi s\u00fcr\u00fcyor. TAK muhabirinin sorular\u0131n\u0131 yan\u0131tlayan Liman-Sen Ba\u015fkan\u0131 Ajdan Bilgi\u00e7, grevdeki liman i\u015f\u00e7ilerinin d\u00fcn ak\u015famdan itibaren Gazima\u011fusa Liman\u0131\u2019na sokulmad\u0131\u011f\u0131n\u0131, limandaki elle\u00e7leme hizmetlerinin gemi acentelerinin \u00e7al\u0131\u015fanlar\u0131 veya d\u0131\u015far\u0131dan &nbsp;temin [&hellip;]","og_url":"https:\/\/netbakis.net\/tr\/24390\/","og_site_name":"NETBAKIS","article_published_time":"2025-03-06T11:49:53+00:00","og_image":[{"width":1200,"height":675,"url":"https:\/\/netbakis.net\/wp-content\/uploads\/2025\/03\/Famagusta_01-2017_img28_sea_port.jpg","type":"image\/jpeg"}],"author":"netbakis.net","twitter_card":"summary_large_image","twitter_misc":{"Yazan:":"netbakis.net","Tahmini okuma s\u00fcresi":"1 dakika"},"schema":{"@context":"https:\/\/schema.org","@graph":[{"@type":"WebPage","@id":"https:\/\/netbakis.net\/24390\/","url":"https:\/\/netbakis.net\/24390\/","name":"Deniz limanlar\u0131ndaki grev s\u00fcr\u00fcyor - NETBAKIS","isPartOf":{"@id":"https:\/\/netbakis.net\/#website"},"primaryImageOfPage":{"@id":"https:\/\/netbakis.net\/24390\/#primaryimage"},"image":{"@id":"https:\/\/netbakis.net\/24390\/#primaryimage"},"thumbnailUrl":"https:\/\/netbakis.net\/wp-content\/uploads\/2025\/03\/Famagusta_01-2017_img28_sea_port.jpg","datePublished":"2025-03-06T11:49:53+00:00","dateModified":"2025-03-06T11:49:53+00:00","author":{"@id":"https:\/\/netbakis.net\/#\/schema\/person\/5d9b5c3f48ca4a3c69967d619fc8c7f4"},"breadcrumb":{"@id":"https:\/\/netbakis.net\/24390\/#breadcrumb"},"inLanguage":"tr","potentialAction":[{"@type":"ReadAction","target":["https:\/\/netbakis.net\/24390\/"]}]},{"@type":"ImageObject","inLanguage":"tr","@id":"https:\/\/netbakis.net\/24390\/#primaryimage","url":"https:\/\/netbakis.net\/wp-content\/uploads\/2025\/03\/Famagusta_01-2017_img28_sea_port.jpg","contentUrl":"https:\/\/netbakis.net\/wp-content\/uploads\/2025\/03\/Famagusta_01-2017_img28_sea_port.jpg","width":1200,"height":675},{"@type":"BreadcrumbList","@id":"https:\/\/netbakis.net\/24390\/#breadcrumb","itemListElement":[{"@type":"ListItem","position":1,"name":"Home","item":"https:\/\/netbakis.net\/"},{"@type":"ListItem","position":2,"name":"Deniz limanlar\u0131ndaki grev s\u00fcr\u00fcyor"}]},{"@type":"WebSite","@id":"https:\/\/netbakis.net\/#website","url":"https:\/\/netbakis.net\/","name":"NETBAKIS","description":"SON DAKIKA","potentialAction":[{"@type":"SearchAction","target":{"@type":"EntryPoint","urlTemplate":"https:\/\/netbakis.net\/?s={search_term_string}"},"query-input":{"@type":"PropertyValueSpecification","valueRequired":true,"valueName":"search_term_string"}}],"inLanguage":"tr"},{"@type":"Person","@id":"https:\/\/netbakis.net\/#\/schema\/person\/5d9b5c3f48ca4a3c69967d619fc8c7f4","name":"netbakis.net","image":{"@type":"ImageObject","inLanguage":"tr","@id":"https:\/\/netbakis.net\/#\/schema\/person\/image\/","url":"https:\/\/secure.gravatar.com\/avatar\/4ddeae49d2d3e3568a8d5b0937642efdf0b72468dbe3f213bc1978faa47af0d1?s=96&d=wp_user_avatar&r=g","contentUrl":"https:\/\/secure.gravatar.com\/avatar\/4ddeae49d2d3e3568a8d5b0937642efdf0b72468dbe3f213bc1978faa47af0d1?s=96&d=wp_user_avatar&r=g","caption":"netbakis.net"},"sameAs":["https:\/\/netbakis.net"],"url":"https:\/\/netbakis.net\/tr\/author\/netbakis-net\/"}]}},"jetpack_publicize_connections":[],"_links":{"self":[{"href":"https:\/\/netbakis.net\/tr\/wp-json\/wp\/v2\/posts\/24390","targetHints":{"allow":["GET"]}}],"collection":[{"href":"https:\/\/netbakis.net\/tr\/wp-json\/wp\/v2\/posts"}],"about":[{"href":"https:\/\/netbakis.net\/tr\/wp-json\/wp\/v2\/types\/post"}],"author":[{"embeddable":true,"href":"https:\/\/netbakis.net\/tr\/wp-json\/wp\/v2\/users\/1"}],"replies":[{"embeddable":true,"href":"https:\/\/netbakis.net\/tr\/wp-json\/wp\/v2\/comments?post=24390"}],"version-history":[{"count":1,"href":"https:\/\/netbakis.net\/tr\/wp-json\/wp\/v2\/posts\/24390\/revisions"}],"predecessor-version":[{"id":24392,"href":"https:\/\/netbakis.net\/tr\/wp-json\/wp\/v2\/posts\/24390\/revisions\/24392"}],"wp:featuredmedia":[{"embeddable":true,"href":"https:\/\/netbakis.net\/tr\/wp-json\/wp\/v2\/media\/24391"}],"wp:attachment":[{"href":"https:\/\/netbakis.net\/tr\/wp-json\/wp\/v2\/media?parent=24390"}],"wp:term":[{"taxonomy":"category","embeddable":true,"href":"https:\/\/netbakis.net\/tr\/wp-json\/wp\/v2\/categories?post=24390"},{"taxonomy":"post_tag","embeddable":true,"href":"https:\/\/netbakis.net\/tr\/wp-json\/wp\/v2\/tags?post=24390"}],"curies":[{"name":"wp","href":"https:\/\/api.w.org\/{rel}","templated":true}]}}