{"id":14974,"date":"2023-07-20T04:16:28","date_gmt":"2023-07-20T04:16:28","guid":{"rendered":"https:\/\/netbakis.net\/?p=14974"},"modified":"2023-07-20T04:16:34","modified_gmt":"2023-07-20T04:16:34","slug":"arda-guler-real-madridin-abdde-katilacagi-turnuvanin-kadrosuna-alindi","status":"publish","type":"post","link":"https:\/\/netbakis.net\/tr\/14974\/","title":{"rendered":"Arda G\u00fcler, Real Madrid&#8217;in ABD&#8217;de kat\u0131laca\u011f\u0131 turnuvan\u0131n kadrosuna al\u0131nd\u0131"},"content":{"rendered":"<p>\u0130spanya 1. Futbol Ligi (LaLiga) ekiplerinden Real Madrid&#8217;in ABD&#8217;de kat\u0131laca\u011f\u0131 haz\u0131rl\u0131k turnuvas\u0131n\u0131n kadrosunda, milli futbolcu Arda G\u00fcler&#8217;e de yer verildi.<\/p>\n\n\n\n<p>Kul\u00fcpten yap\u0131lan a\u00e7\u0131klamaya g\u00f6re, sezon \u00f6ncesi haz\u0131rl\u0131k turnuvas\u0131na kat\u0131lacak Real Madrid&#8217;de kadro, \u0130talyan teknik direkt\u00f6r Carlo Ancelotti taraf\u0131ndan belirlendi.<\/p>\n\n\n\n<p>Real Madrid&#8217;in Fenerbah\u00e7e&#8217;den transfer etti\u011fi ve antrenmanlardaki performans\u0131yla be\u011feni toplayan 18 ya\u015f\u0131ndaki Arda G\u00fcler, ABD&#8217;ye gidecek oyuncular aras\u0131nda yer ald\u0131.<\/p>\n\n\n\n<p>Real Madrid, &#8220;2023 Futbol \u015eampiyonas\u0131 Turu&#8221; turnuvas\u0131 kapsam\u0131nda Milan, Manchester United, Barcelona ve Juventus ile kar\u015f\u0131la\u015facak.<\/p>","protected":false},"excerpt":{"rendered":"<p>\u0130spanya 1. Futbol Ligi (LaLiga) ekiplerinden Real Madrid&#8217;in ABD&#8217;de kat\u0131laca\u011f\u0131 haz\u0131rl\u0131k turnuvas\u0131n\u0131n kadrosunda, milli futbolcu Arda G\u00fcler&#8217;e de yer verildi. Kul\u00fcpten yap\u0131lan a\u00e7\u0131klamaya g\u00f6re, sezon \u00f6ncesi haz\u0131rl\u0131k turnuvas\u0131na kat\u0131lacak Real Madrid&#8217;de kadro, \u0130talyan teknik direkt\u00f6r Carlo Ancelotti taraf\u0131ndan belirlendi. Real Madrid&#8217;in Fenerbah\u00e7e&#8217;den transfer etti\u011fi ve antrenmanlardaki performans\u0131yla be\u011feni toplayan 18 ya\u015f\u0131ndaki Arda G\u00fcler, ABD&#8217;ye gidecek [&hellip;]<\/p>","protected":false},"author":1,"featured_media":14975,"comment_status":"open","ping_status":"open","sticky":false,"template":"","format":"standard","meta":{"om_disable_all_campaigns":false,"_monsterinsights_skip_tracking":false,"_monsterinsights_sitenote_active":false,"_monsterinsights_sitenote_note":"","_monsterinsights_sitenote_category":0,"_uf_show_specific_survey":0,"_uf_disable_surveys":false,"footnotes":"","jetpack_publicize_message":"","jetpack_publicize_feature_enabled":true,"jetpack_social_post_already_shared":false,"jetpack_social_options":{"image_generator_settings":{"template":"highway","default_image_id":0,"font":"","enabled":false},"version":2}},"categories":[94],"tags":[2399,2400],"class_list":{"0":"post-14974","1":"post","2":"type-post","3":"status-publish","4":"format-standard","5":"has-post-thumbnail","7":"category-spor","8":"tag-arda-guler","9":"tag-real-madrid"},"yoast_head":"<!-- This site is optimized with the Yoast SEO plugin v23.8 - https:\/\/yoast.com\/wordpress\/plugins\/seo\/ -->\n<title>Arda G\u00fcler, Real Madrid&#039;in ABD&#039;de kat\u0131laca\u011f\u0131 turnuvan\u0131n kadrosuna al\u0131nd\u0131 - NETBAKIS<\/title>\n<meta name=\"robots\" content=\"index, follow, max-snippet:-1, max-image-preview:large, max-video-preview:-1\" \/>\n<link rel=\"canonical\" href=\"https:\/\/netbakis.net\/tr\/14974\/\" \/>\n<meta property=\"og:locale\" content=\"tr_TR\" \/>\n<meta property=\"og:type\" content=\"article\" \/>\n<meta property=\"og:title\" content=\"Arda G\u00fcler, Real Madrid&#039;in ABD&#039;de kat\u0131laca\u011f\u0131 turnuvan\u0131n kadrosuna al\u0131nd\u0131 - NETBAKIS\" \/>\n<meta property=\"og:description\" content=\"\u0130spanya 1. Futbol Ligi (LaLiga) ekiplerinden Real Madrid&#8217;in ABD&#8217;de kat\u0131laca\u011f\u0131 haz\u0131rl\u0131k turnuvas\u0131n\u0131n kadrosunda, milli futbolcu Arda G\u00fcler&#8217;e de yer verildi. Kul\u00fcpten yap\u0131lan a\u00e7\u0131klamaya g\u00f6re, sezon \u00f6ncesi haz\u0131rl\u0131k turnuvas\u0131na kat\u0131lacak Real Madrid&#8217;de kadro, \u0130talyan teknik direkt\u00f6r Carlo Ancelotti taraf\u0131ndan belirlendi. Real Madrid&#8217;in Fenerbah\u00e7e&#8217;den transfer etti\u011fi ve antrenmanlardaki performans\u0131yla be\u011feni toplayan 18 ya\u015f\u0131ndaki Arda G\u00fcler, ABD&#8217;ye gidecek [&hellip;]\" \/>\n<meta property=\"og:url\" content=\"https:\/\/netbakis.net\/tr\/14974\/\" \/>\n<meta property=\"og:site_name\" content=\"NETBAKIS\" \/>\n<meta property=\"article:published_time\" content=\"2023-07-20T04:16:28+00:00\" \/>\n<meta property=\"article:modified_time\" content=\"2023-07-20T04:16:34+00:00\" \/>\n<meta property=\"og:image\" content=\"https:\/\/netbakis.net\/wp-content\/uploads\/2023\/07\/thumbs_b_c_176b23542533ed81e2cbdd0d13f1eee5.jpg\" \/>\n\t<meta property=\"og:image:width\" content=\"864\" \/>\n\t<meta property=\"og:image:height\" content=\"486\" \/>\n\t<meta property=\"og:image:type\" content=\"image\/jpeg\" \/>\n<meta name=\"author\" content=\"netbakis.net\" \/>\n<meta name=\"twitter:card\" content=\"summary_large_image\" \/>\n<meta name=\"twitter:label1\" content=\"Yazan:\" \/>\n\t<meta name=\"twitter:data1\" content=\"netbakis.net\" \/>\n<script type=\"application\/ld+json\" class=\"yoast-schema-graph\">{\"@context\":\"https:\/\/schema.org\",\"@graph\":[{\"@type\":\"WebPage\",\"@id\":\"https:\/\/netbakis.net\/14974\/\",\"url\":\"https:\/\/netbakis.net\/14974\/\",\"name\":\"Arda G\u00fcler, Real Madrid'in ABD'de kat\u0131laca\u011f\u0131 turnuvan\u0131n kadrosuna al\u0131nd\u0131 - NETBAKIS\",\"isPartOf\":{\"@id\":\"https:\/\/netbakis.net\/#website\"},\"primaryImageOfPage\":{\"@id\":\"https:\/\/netbakis.net\/14974\/#primaryimage\"},\"image\":{\"@id\":\"https:\/\/netbakis.net\/14974\/#primaryimage\"},\"thumbnailUrl\":\"https:\/\/netbakis.net\/wp-content\/uploads\/2023\/07\/thumbs_b_c_176b23542533ed81e2cbdd0d13f1eee5.jpg\",\"datePublished\":\"2023-07-20T04:16:28+00:00\",\"dateModified\":\"2023-07-20T04:16:34+00:00\",\"author\":{\"@id\":\"https:\/\/netbakis.net\/#\/schema\/person\/5d9b5c3f48ca4a3c69967d619fc8c7f4\"},\"breadcrumb\":{\"@id\":\"https:\/\/netbakis.net\/14974\/#breadcrumb\"},\"inLanguage\":\"tr\",\"potentialAction\":[{\"@type\":\"ReadAction\",\"target\":[\"https:\/\/netbakis.net\/14974\/\"]}]},{\"@type\":\"ImageObject\",\"inLanguage\":\"tr\",\"@id\":\"https:\/\/netbakis.net\/14974\/#primaryimage\",\"url\":\"https:\/\/netbakis.net\/wp-content\/uploads\/2023\/07\/thumbs_b_c_176b23542533ed81e2cbdd0d13f1eee5.jpg\",\"contentUrl\":\"https:\/\/netbakis.net\/wp-content\/uploads\/2023\/07\/thumbs_b_c_176b23542533ed81e2cbdd0d13f1eee5.jpg\",\"width\":864,\"height\":486,\"caption\":\"Arda G\u00fcler, Real Madrid\"},{\"@type\":\"BreadcrumbList\",\"@id\":\"https:\/\/netbakis.net\/14974\/#breadcrumb\",\"itemListElement\":[{\"@type\":\"ListItem\",\"position\":1,\"name\":\"Home\",\"item\":\"https:\/\/netbakis.net\/\"},{\"@type\":\"ListItem\",\"position\":2,\"name\":\"Arda G\u00fcler, Real Madrid&#8217;in ABD&#8217;de kat\u0131laca\u011f\u0131 turnuvan\u0131n kadrosuna al\u0131nd\u0131\"}]},{\"@type\":\"WebSite\",\"@id\":\"https:\/\/netbakis.net\/#website\",\"url\":\"https:\/\/netbakis.net\/\",\"name\":\"NETBAKIS\",\"description\":\"SON DAKIKA\",\"potentialAction\":[{\"@type\":\"SearchAction\",\"target\":{\"@type\":\"EntryPoint\",\"urlTemplate\":\"https:\/\/netbakis.net\/?s={search_term_string}\"},\"query-input\":{\"@type\":\"PropertyValueSpecification\",\"valueRequired\":true,\"valueName\":\"search_term_string\"}}],\"inLanguage\":\"tr\"},{\"@type\":\"Person\",\"@id\":\"https:\/\/netbakis.net\/#\/schema\/person\/5d9b5c3f48ca4a3c69967d619fc8c7f4\",\"name\":\"netbakis.net\",\"image\":{\"@type\":\"ImageObject\",\"inLanguage\":\"tr\",\"@id\":\"https:\/\/netbakis.net\/#\/schema\/person\/image\/\",\"url\":\"https:\/\/secure.gravatar.com\/avatar\/4ddeae49d2d3e3568a8d5b0937642efdf0b72468dbe3f213bc1978faa47af0d1?s=96&d=wp_user_avatar&r=g\",\"contentUrl\":\"https:\/\/secure.gravatar.com\/avatar\/4ddeae49d2d3e3568a8d5b0937642efdf0b72468dbe3f213bc1978faa47af0d1?s=96&d=wp_user_avatar&r=g\",\"caption\":\"netbakis.net\"},\"sameAs\":[\"https:\/\/netbakis.net\"],\"url\":\"https:\/\/netbakis.net\/tr\/author\/netbakis-net\/\"}]}<\/script>\n<!-- \/ Yoast SEO plugin. -->","yoast_head_json":{"title":"Arda G\u00fcler, Real Madrid'in ABD'de kat\u0131laca\u011f\u0131 turnuvan\u0131n kadrosuna al\u0131nd\u0131 - NETBAKIS","robots":{"index":"index","follow":"follow","max-snippet":"max-snippet:-1","max-image-preview":"max-image-preview:large","max-video-preview":"max-video-preview:-1"},"canonical":"https:\/\/netbakis.net\/tr\/14974\/","og_locale":"tr_TR","og_type":"article","og_title":"Arda G\u00fcler, Real Madrid'in ABD'de kat\u0131laca\u011f\u0131 turnuvan\u0131n kadrosuna al\u0131nd\u0131 - NETBAKIS","og_description":"\u0130spanya 1. Futbol Ligi (LaLiga) ekiplerinden Real Madrid&#8217;in ABD&#8217;de kat\u0131laca\u011f\u0131 haz\u0131rl\u0131k turnuvas\u0131n\u0131n kadrosunda, milli futbolcu Arda G\u00fcler&#8217;e de yer verildi. Kul\u00fcpten yap\u0131lan a\u00e7\u0131klamaya g\u00f6re, sezon \u00f6ncesi haz\u0131rl\u0131k turnuvas\u0131na kat\u0131lacak Real Madrid&#8217;de kadro, \u0130talyan teknik direkt\u00f6r Carlo Ancelotti taraf\u0131ndan belirlendi. Real Madrid&#8217;in Fenerbah\u00e7e&#8217;den transfer etti\u011fi ve antrenmanlardaki performans\u0131yla be\u011feni toplayan 18 ya\u015f\u0131ndaki Arda G\u00fcler, ABD&#8217;ye gidecek [&hellip;]","og_url":"https:\/\/netbakis.net\/tr\/14974\/","og_site_name":"NETBAKIS","article_published_time":"2023-07-20T04:16:28+00:00","article_modified_time":"2023-07-20T04:16:34+00:00","og_image":[{"width":864,"height":486,"url":"https:\/\/netbakis.net\/wp-content\/uploads\/2023\/07\/thumbs_b_c_176b23542533ed81e2cbdd0d13f1eee5.jpg","type":"image\/jpeg"}],"author":"netbakis.net","twitter_card":"summary_large_image","twitter_misc":{"Yazan:":"netbakis.net"},"schema":{"@context":"https:\/\/schema.org","@graph":[{"@type":"WebPage","@id":"https:\/\/netbakis.net\/14974\/","url":"https:\/\/netbakis.net\/14974\/","name":"Arda G\u00fcler, Real Madrid'in ABD'de kat\u0131laca\u011f\u0131 turnuvan\u0131n kadrosuna al\u0131nd\u0131 - NETBAKIS","isPartOf":{"@id":"https:\/\/netbakis.net\/#website"},"primaryImageOfPage":{"@id":"https:\/\/netbakis.net\/14974\/#primaryimage"},"image":{"@id":"https:\/\/netbakis.net\/14974\/#primaryimage"},"thumbnailUrl":"https:\/\/netbakis.net\/wp-content\/uploads\/2023\/07\/thumbs_b_c_176b23542533ed81e2cbdd0d13f1eee5.jpg","datePublished":"2023-07-20T04:16:28+00:00","dateModified":"2023-07-20T04:16:34+00:00","author":{"@id":"https:\/\/netbakis.net\/#\/schema\/person\/5d9b5c3f48ca4a3c69967d619fc8c7f4"},"breadcrumb":{"@id":"https:\/\/netbakis.net\/14974\/#breadcrumb"},"inLanguage":"tr","potentialAction":[{"@type":"ReadAction","target":["https:\/\/netbakis.net\/14974\/"]}]},{"@type":"ImageObject","inLanguage":"tr","@id":"https:\/\/netbakis.net\/14974\/#primaryimage","url":"https:\/\/netbakis.net\/wp-content\/uploads\/2023\/07\/thumbs_b_c_176b23542533ed81e2cbdd0d13f1eee5.jpg","contentUrl":"https:\/\/netbakis.net\/wp-content\/uploads\/2023\/07\/thumbs_b_c_176b23542533ed81e2cbdd0d13f1eee5.jpg","width":864,"height":486,"caption":"Arda G\u00fcler, Real Madrid"},{"@type":"BreadcrumbList","@id":"https:\/\/netbakis.net\/14974\/#breadcrumb","itemListElement":[{"@type":"ListItem","position":1,"name":"Home","item":"https:\/\/netbakis.net\/"},{"@type":"ListItem","position":2,"name":"Arda G\u00fcler, Real Madrid&#8217;in ABD&#8217;de kat\u0131laca\u011f\u0131 turnuvan\u0131n kadrosuna al\u0131nd\u0131"}]},{"@type":"WebSite","@id":"https:\/\/netbakis.net\/#website","url":"https:\/\/netbakis.net\/","name":"NETBAKIS","description":"SON DAKIKA","potentialAction":[{"@type":"SearchAction","target":{"@type":"EntryPoint","urlTemplate":"https:\/\/netbakis.net\/?s={search_term_string}"},"query-input":{"@type":"PropertyValueSpecification","valueRequired":true,"valueName":"search_term_string"}}],"inLanguage":"tr"},{"@type":"Person","@id":"https:\/\/netbakis.net\/#\/schema\/person\/5d9b5c3f48ca4a3c69967d619fc8c7f4","name":"netbakis.net","image":{"@type":"ImageObject","inLanguage":"tr","@id":"https:\/\/netbakis.net\/#\/schema\/person\/image\/","url":"https:\/\/secure.gravatar.com\/avatar\/4ddeae49d2d3e3568a8d5b0937642efdf0b72468dbe3f213bc1978faa47af0d1?s=96&d=wp_user_avatar&r=g","contentUrl":"https:\/\/secure.gravatar.com\/avatar\/4ddeae49d2d3e3568a8d5b0937642efdf0b72468dbe3f213bc1978faa47af0d1?s=96&d=wp_user_avatar&r=g","caption":"netbakis.net"},"sameAs":["https:\/\/netbakis.net"],"url":"https:\/\/netbakis.net\/tr\/author\/netbakis-net\/"}]}},"jetpack_publicize_connections":[],"_links":{"self":[{"href":"https:\/\/netbakis.net\/tr\/wp-json\/wp\/v2\/posts\/14974","targetHints":{"allow":["GET"]}}],"collection":[{"href":"https:\/\/netbakis.net\/tr\/wp-json\/wp\/v2\/posts"}],"about":[{"href":"https:\/\/netbakis.net\/tr\/wp-json\/wp\/v2\/types\/post"}],"author":[{"embeddable":true,"href":"https:\/\/netbakis.net\/tr\/wp-json\/wp\/v2\/users\/1"}],"replies":[{"embeddable":true,"href":"https:\/\/netbakis.net\/tr\/wp-json\/wp\/v2\/comments?post=14974"}],"version-history":[{"count":1,"href":"https:\/\/netbakis.net\/tr\/wp-json\/wp\/v2\/posts\/14974\/revisions"}],"predecessor-version":[{"id":14976,"href":"https:\/\/netbakis.net\/tr\/wp-json\/wp\/v2\/posts\/14974\/revisions\/14976"}],"wp:featuredmedia":[{"embeddable":true,"href":"https:\/\/netbakis.net\/tr\/wp-json\/wp\/v2\/media\/14975"}],"wp:attachment":[{"href":"https:\/\/netbakis.net\/tr\/wp-json\/wp\/v2\/media?parent=14974"}],"wp:term":[{"taxonomy":"category","embeddable":true,"href":"https:\/\/netbakis.net\/tr\/wp-json\/wp\/v2\/categories?post=14974"},{"taxonomy":"post_tag","embeddable":true,"href":"https:\/\/netbakis.net\/tr\/wp-json\/wp\/v2\/tags?post=14974"}],"curies":[{"name":"wp","href":"https:\/\/api.w.org\/{rel}","templated":true}]}}